{"id":560,"date":"2023-08-10T13:41:00","date_gmt":"2023-08-10T13:41:00","guid":{"rendered":"https:\/\/wbcboxing.com\/amateur\/?p=560"},"modified":"2024-10-23T17:38:21","modified_gmt":"2024-10-23T17:38:21","slug":"finalizo-el-primer-torneo-de-boxeo-de-la-ciudadania-y-su-policia-2023-organizado-por-la-ssc-y-el-wbc","status":"publish","type":"post","link":"https:\/\/wbcboxing.com\/amateur\/esp\/2023\/08\/10\/finalizo-el-primer-torneo-de-boxeo-de-la-ciudadania-y-su-policia-2023-organizado-por-la-ssc-y-el-wbc\/","title":{"rendered":"Finaliz\u00f3 el primer Torneo de Boxeo de la Ciudadan\u00eda y su Polic\u00eda 2023, organizado por la SSC y el WBC"},"content":{"rendered":"\n<p>La Secretar\u00eda de Seguridad Ciudadana (SSC) de la Ciudad de M\u00e9xico y el Consejo Mundial de Boxeo (WBC, por sus siglas en ingl\u00e9s) realizaron la clausura del primer \u201cTorneo&nbsp;de Boxeo de la Ciudadan\u00eda y su&nbsp;Polic\u00eda&nbsp;2023\u201d, en el que participaron 120 boxeadoras y boxeadores pertenecientes a las seis Subsecretar\u00edas de la dependencia.<\/p>\n\n\n\n<p>Este&nbsp;torneo&nbsp;es parte de las acciones encaminadas a fomentar la cultura del deporte y la sana competencia interinstitucional.<\/p>\n\n\n\n<p>El Secretario de Seguridad Ciudadana, licenciado Pablo V\u00e1zquez Camacho reconoci\u00f3 que la pr\u00e1ctica del deporte es un \u201cinstrumento indispensable para la formaci\u00f3n integral de las mujeres y hombres&nbsp;polic\u00edas, a quienes felicit\u00f3 por su entrega y esfuerzo al convertirse en una inspiraci\u00f3n para todos\u201d.<\/p>\n\n\n\n<p>\u201cLos programas box\u00edsticos, las pl\u00e1ticas de motivaci\u00f3n impartidas por boxeadoras, por Irma, por la Barbie, a quienes agradezco mucho que todos los d\u00edas est\u00e1n delante de ni\u00f1as y ni\u00f1os en las escuelas de la ciudad se traducen en una alianza que genera fortaleza y un ejemplo de esperanza, que nos permite acercarnos a nuestros j\u00f3venes, a fin de disminuir la violencia e incidencia en hechos delictivos y en problemas de adicciones\u201d, resalt\u00f3 el titular de la SSC.<\/p>\n\n\n\n<p>A su turno, el Subsecretario de Control de Tr\u00e1nsito de la SSC, Francisco Javier Moreno Monta\u00f1o, afirm\u00f3 que este&nbsp;torneo&nbsp;signific\u00f3 adem\u00e1s un homenaje a David \u201cEl Macet\u00f3n\u201d Cabrera, a quien reconoci\u00f3 su gran trayectoria como expolic\u00eda y se convirti\u00f3 en un s\u00edmbolo de servicio y dedicaci\u00f3n a su comunidad.&nbsp;<\/p>\n\n\n\n<p>Cabe destacar que este primer \u201cTorneo&nbsp;de Boxeo de la Ciudadan\u00eda y su&nbsp;Polic\u00eda&nbsp;2023\u201d, en el que participaron 120 pugilistas, fue avalado por el WBC en el que hizo acto de presencia la ex campeona mundial Mariana \u201cLa Barbie&#8221; Ju\u00e1rez, en representaci\u00f3n del presidente del Consejo Mundial de Boxeo, Lic. Mauricio Sulaim\u00e1n.<\/p>\n\n\n\n<p>En el evento tambi\u00e9n estuvieron presentes la Subsecretaria de Participaci\u00f3n Ciudadana y Prevenci\u00f3n del Delito, Paulina Salazar Pati\u00f1o, el Subsecretario del Sistema Penitenciario, Omar Reyes Colmenares, la Subsecretaria de Desarrollo Institucional Marcela Figueroa Franco, adem\u00e1s de invitados especiales y personalidades del medio box\u00edstico.<\/p>\n\n\n\n<figure class=\"wp-block-image aligncenter size-full\"><img loading=\"lazy\" decoding=\"async\" width=\"1024\" height=\"576\" src=\"https:\/\/wbcboxing.com\/amateur\/wp-content\/uploads\/2023\/10\/Torneo-Policia-MX-3-edited.jpg\" alt=\"\" class=\"wp-image-520\" srcset=\"https:\/\/wbcboxing.com\/amateur\/esp\/wp-content\/uploads\/2023\/10\/Torneo-Policia-MX-3-edited.jpg 1024w, https:\/\/wbcboxing.com\/amateur\/esp\/wp-content\/uploads\/2023\/10\/Torneo-Policia-MX-3-edited-300x169.jpg 300w, https:\/\/wbcboxing.com\/amateur\/esp\/wp-content\/uploads\/2023\/10\/Torneo-Policia-MX-3-edited-768x432.jpg 768w\" sizes=\"auto, (max-width: 1024px) 100vw, 1024px\" \/><\/figure>\n","protected":false},"excerpt":{"rendered":"<p>La Secretar\u00eda de Seguridad Ciudadana (SSC) de la Ciudad de M\u00e9xico y el Consejo Mundial de Boxeo (WBC, por sus siglas en ingl\u00e9s) realizaron la clausura del primer \u201cTorneo&nbsp;de Boxeo de la Ciudadan\u00eda y su&nbsp;Polic\u00eda&nbsp;2023\u201d, en el que participaron 120 boxeadoras y boxeadores pertenecientes a las seis Subsecretar\u00edas de la dependencia. Este&nbsp;torneo&nbsp;es parte de las [&hellip;]<\/p>\n","protected":false},"author":3,"featured_media":521,"comment_status":"closed","ping_status":"closed","sticky":false,"template":"","format":"standard","meta":{"_acf_changed":false,"material-hide-sections":[],"footnotes":""},"categories":[6],"tags":[],"class_list":["post-560","post","type-post","status-publish","format-standard","has-post-thumbnail","hentry","category-noticias"],"acf":[],"_links":{"self":[{"href":"https:\/\/wbcboxing.com\/amateur\/esp\/wp-json\/wp\/v2\/posts\/560","targetHints":{"allow":["GET"]}}],"collection":[{"href":"https:\/\/wbcboxing.com\/amateur\/esp\/wp-json\/wp\/v2\/posts"}],"about":[{"href":"https:\/\/wbcboxing.com\/amateur\/esp\/wp-json\/wp\/v2\/types\/post"}],"author":[{"embeddable":true,"href":"https:\/\/wbcboxing.com\/amateur\/esp\/wp-json\/wp\/v2\/users\/3"}],"replies":[{"embeddable":true,"href":"https:\/\/wbcboxing.com\/amateur\/esp\/wp-json\/wp\/v2\/comments?post=560"}],"version-history":[{"count":1,"href":"https:\/\/wbcboxing.com\/amateur\/esp\/wp-json\/wp\/v2\/posts\/560\/revisions"}],"predecessor-version":[{"id":563,"href":"https:\/\/wbcboxing.com\/amateur\/esp\/wp-json\/wp\/v2\/posts\/560\/revisions\/563"}],"wp:featuredmedia":[{"embeddable":true,"href":"https:\/\/wbcboxing.com\/amateur\/esp\/wp-json\/wp\/v2\/media\/521"}],"wp:attachment":[{"href":"https:\/\/wbcboxing.com\/amateur\/esp\/wp-json\/wp\/v2\/media?parent=560"}],"wp:term":[{"taxonomy":"category","embeddable":true,"href":"https:\/\/wbcboxing.com\/amateur\/esp\/wp-json\/wp\/v2\/categories?post=560"},{"taxonomy":"post_tag","embeddable":true,"href":"https:\/\/wbcboxing.com\/amateur\/esp\/wp-json\/wp\/v2\/tags?post=560"}],"curies":[{"name":"wp","href":"https:\/\/api.w.org\/{rel}","templated":true}]}}