{"id":1381,"date":"2025-08-19T13:42:00","date_gmt":"2025-08-19T13:42:00","guid":{"rendered":"https:\/\/wbcboxing.com\/amateur\/esp\/?p=1381"},"modified":"2025-08-19T13:44:37","modified_gmt":"2025-08-19T13:44:37","slug":"cordoba-abrio-el-calendario-federal-del-wbc-amateur-en-argentina","status":"publish","type":"post","link":"https:\/\/wbcboxing.com\/amateur\/esp\/2025\/08\/19\/cordoba-abrio-el-calendario-federal-del-wbc-amateur-en-argentina\/","title":{"rendered":"C\u00f3rdoba abri\u00f3 el calendario federal del WBC Amateur en Argentina"},"content":{"rendered":"\n<p><em><em><em><em>C\u00f3rdoba fue sede de una serie de competencias impulsadas por el WBC Amateur en Argentina. El evento marc\u00f3 el punto de partida en aquella provincia de un calendario nacional que busca federalizar la actividad y proyectar a j\u00f3venes p\u00fagiles hacia instancias internacionales.<\/em><\/em><\/em><\/em><\/p>\n\n\n\n<p>La organizaci\u00f3n estuvo a cargo de Lukas Rosales, C\u00e9sar Coronel y Carlos Tello, quienes concretaron en la provincia mediterr\u00e1nea la primera fecha de este circuito, que a lo largo del a\u00f1o sumar\u00e1 distintas etapas en todo el pa\u00eds. El objetivo es ampliar el alcance territorial del boxeo amateur y brindar m\u00e1s oportunidades de desarrollo competitivo a los atletas locales.<\/p>\n\n\n\n<div class=\"wp-block-media-text is-stacked-on-mobile is-image-fill-element\" style=\"grid-template-columns:37% auto\"><figure class=\"wp-block-media-text__media\"><img loading=\"lazy\" decoding=\"async\" width=\"768\" height=\"1024\" src=\"https:\/\/wbcboxing.com\/amateur\/esp\/wp-content\/uploads\/2025\/08\/WhatsApp-Image-2025-08-17-at-11.30.50-1-768x1024.jpeg\" alt=\"\" class=\"wp-image-1384 size-full\" style=\"object-position:46% 32%\" srcset=\"https:\/\/wbcboxing.com\/amateur\/esp\/wp-content\/uploads\/2025\/08\/WhatsApp-Image-2025-08-17-at-11.30.50-1-768x1024.jpeg 768w, https:\/\/wbcboxing.com\/amateur\/esp\/wp-content\/uploads\/2025\/08\/WhatsApp-Image-2025-08-17-at-11.30.50-1-225x300.jpeg 225w, https:\/\/wbcboxing.com\/amateur\/esp\/wp-content\/uploads\/2025\/08\/WhatsApp-Image-2025-08-17-at-11.30.50-1.jpeg 960w\" sizes=\"auto, (max-width: 768px) 100vw, 768px\" \/><\/figure><div class=\"wp-block-media-text__content\">\n<p>Este torneo se suma a un calendario nacional que ya tuvo a la Liga Metropolitana abriendo la temporada con un certamen eliminatorio en la Ciudad de Buenos Aires. Cabe recordar que de dicho torneo saldr\u00e1 un equipo selectivo que representar\u00e1 a la Argentina a fin de a\u00f1o en el \u201cDesaf\u00edo Verde y Oro\u201d internacional, que se disputar\u00e1 en Tijuana, M\u00e9xico.<\/p>\n<\/div><\/div>\n\n\n\n<div class=\"wp-block-media-text has-media-on-the-right is-stacked-on-mobile is-image-fill-element\" style=\"grid-template-columns:auto 37%\"><div class=\"wp-block-media-text__content\">\n<p>En paralelo, el calendario del boxeo amateur tambi\u00e9n se ve fortalecido por el torneo regional de mujeres que la Federaci\u00f3n Argentina de Box (FAB) organiza en su estadio de Capital Federal, apuntando al desarrollo y la visibilizaci\u00f3n de las pugilistas en todo el pa\u00eds.<\/p>\n<\/div><figure class=\"wp-block-media-text__media\"><img loading=\"lazy\" decoding=\"async\" width=\"768\" height=\"1024\" src=\"https:\/\/wbcboxing.com\/amateur\/esp\/wp-content\/uploads\/2025\/08\/Cordoba-768x1024.jpg\" alt=\"\" class=\"wp-image-1385 size-full\" style=\"object-position:42% 21%\" srcset=\"https:\/\/wbcboxing.com\/amateur\/esp\/wp-content\/uploads\/2025\/08\/Cordoba-768x1024.jpg 768w, https:\/\/wbcboxing.com\/amateur\/esp\/wp-content\/uploads\/2025\/08\/Cordoba-225x300.jpg 225w, https:\/\/wbcboxing.com\/amateur\/esp\/wp-content\/uploads\/2025\/08\/Cordoba.jpg 1080w\" sizes=\"auto, (max-width: 768px) 100vw, 768px\" \/><\/figure><\/div>\n\n\n\n<p>Un momento especial de la jornada en C\u00f3rdoba fue la entrega de medallas, que fueron en honor y memoria de Alejandra \u201cLocomotora\u201d Oliveras, hist\u00f3rica campeona mundial a pocas semanas de su fallecimiento. El gesto fue recibido con emoci\u00f3n por la comunidad box\u00edstica, que reconoci\u00f3 su legado deportivo y humano.<\/p>\n\n\n\n<hr class=\"wp-block-separator has-text-color has-primary-color has-alpha-channel-opacity has-primary-background-color has-background\"\/>\n","protected":false},"excerpt":{"rendered":"<p>C\u00f3rdoba fue sede de una serie de competencias impulsadas por el WBC Amateur en Argentina. El evento marc\u00f3 el punto de partida en aquella provincia de un calendario nacional que busca federalizar la actividad y proyectar a j\u00f3venes p\u00fagiles hacia instancias internacionales. La organizaci\u00f3n estuvo a cargo de Lukas Rosales, C\u00e9sar Coronel y Carlos Tello, [&hellip;]<\/p>\n","protected":false},"author":3,"featured_media":1382,"comment_status":"closed","ping_status":"closed","sticky":false,"template":"","format":"standard","meta":{"_acf_changed":false,"material-hide-sections":[],"footnotes":""},"categories":[6],"tags":[],"class_list":["post-1381","post","type-post","status-publish","format-standard","has-post-thumbnail","hentry","category-noticias"],"acf":[],"_links":{"self":[{"href":"https:\/\/wbcboxing.com\/amateur\/esp\/wp-json\/wp\/v2\/posts\/1381","targetHints":{"allow":["GET"]}}],"collection":[{"href":"https:\/\/wbcboxing.com\/amateur\/esp\/wp-json\/wp\/v2\/posts"}],"about":[{"href":"https:\/\/wbcboxing.com\/amateur\/esp\/wp-json\/wp\/v2\/types\/post"}],"author":[{"embeddable":true,"href":"https:\/\/wbcboxing.com\/amateur\/esp\/wp-json\/wp\/v2\/users\/3"}],"replies":[{"embeddable":true,"href":"https:\/\/wbcboxing.com\/amateur\/esp\/wp-json\/wp\/v2\/comments?post=1381"}],"version-history":[{"count":2,"href":"https:\/\/wbcboxing.com\/amateur\/esp\/wp-json\/wp\/v2\/posts\/1381\/revisions"}],"predecessor-version":[{"id":1387,"href":"https:\/\/wbcboxing.com\/amateur\/esp\/wp-json\/wp\/v2\/posts\/1381\/revisions\/1387"}],"wp:featuredmedia":[{"embeddable":true,"href":"https:\/\/wbcboxing.com\/amateur\/esp\/wp-json\/wp\/v2\/media\/1382"}],"wp:attachment":[{"href":"https:\/\/wbcboxing.com\/amateur\/esp\/wp-json\/wp\/v2\/media?parent=1381"}],"wp:term":[{"taxonomy":"category","embeddable":true,"href":"https:\/\/wbcboxing.com\/amateur\/esp\/wp-json\/wp\/v2\/categories?post=1381"},{"taxonomy":"post_tag","embeddable":true,"href":"https:\/\/wbcboxing.com\/amateur\/esp\/wp-json\/wp\/v2\/tags?post=1381"}],"curies":[{"name":"wp","href":"https:\/\/api.w.org\/{rel}","templated":true}]}}